{"id":5654,"date":"2022-03-25T19:43:19","date_gmt":"2022-03-25T22:43:19","guid":{"rendered":"https:\/\/fundacionpge.cl\/sitio\/?p=5654"},"modified":"2022-03-25T19:43:19","modified_gmt":"2022-03-25T22:43:19","slug":"dia-de-la-astronomia-2022","status":"publish","type":"post","link":"https:\/\/fundacionpge.cl\/sitio\/dia-de-la-astronomia-2022\/","title":{"rendered":"D\u00eda de la Astronom\u00eda 2022"},"content":{"rendered":"<p><img loading=\"lazy\" class=\" wp-image-5655 alignleft\" src=\"https:\/\/fundacionpge.cl\/sitio\/wp-content\/uploads\/2022\/03\/1-300x300.png\" alt=\"\" width=\"301\" height=\"301\" srcset=\"https:\/\/fundacionpge.cl\/sitio\/wp-content\/uploads\/2022\/03\/1-300x300.png 300w, https:\/\/fundacionpge.cl\/sitio\/wp-content\/uploads\/2022\/03\/1-1024x1024.png 1024w, https:\/\/fundacionpge.cl\/sitio\/wp-content\/uploads\/2022\/03\/1-150x150.png 150w, https:\/\/fundacionpge.cl\/sitio\/wp-content\/uploads\/2022\/03\/1-768x768.png 768w, https:\/\/fundacionpge.cl\/sitio\/wp-content\/uploads\/2022\/03\/1-1536x1536.png 1536w, https:\/\/fundacionpge.cl\/sitio\/wp-content\/uploads\/2022\/03\/1-2048x2048.png 2048w, https:\/\/fundacionpge.cl\/sitio\/wp-content\/uploads\/2022\/03\/1-100x100.png 100w, https:\/\/fundacionpge.cl\/sitio\/wp-content\/uploads\/2022\/03\/1-230x230.png 230w, https:\/\/fundacionpge.cl\/sitio\/wp-content\/uploads\/2022\/03\/1.png 1080w\" sizes=\"(max-width: 301px) 100vw, 301px\" \/><\/p>\n<p>\u00a1Nos vamos al <a href=\"https:\/\/mim.cl\">Museo Interactivo Mirador &#8211; MIM<\/a>\u00a0\u2728!<\/p>\n<p>Te esperamos este S\u00e1bado 26 y Domingo 27 para celebrar el <a class=\" xil3i\" tabindex=\"0\" href=\"https:\/\/www.instagram.com\/explore\/tags\/d%C3%ADadelaastronom%C3%ADa\/\">#D\u00edaDeLaAstronom\u00eda<\/a> \ud83c\udf0c con entretenidas actividades para nuestros Novamig@s \ud83e\udd8a<\/p>\n<p>\ud83d\udcd6 Lanzamiento de nuestro libro \u201cNova y el Eclipse\u201d con un entretenido cuentacuentos en Kamishibai<br \/>\n\ud83c\udf15 Encuentro con nuestras susurradoras astron\u00f3micas<br \/>\n\ud83d\uddfa Visita a la nueva sala <a href=\"https:\/\/mim.cl\/mim-inicio-ano-escolar-con-estreno-de-nueva-sala-para-parvulos\/\">Yo Exploro<\/a> del MIM pensada especialmente para ni\u00f1os y ni\u00f1as de primera infancia.<\/p>\n<p>&nbsp;<\/p>\n<p><img loading=\"lazy\" class=\"size-medium wp-image-5656 alignleft\" src=\"https:\/\/fundacionpge.cl\/sitio\/wp-content\/uploads\/2022\/03\/2-300x300.png\" alt=\"\" width=\"300\" height=\"300\" srcset=\"https:\/\/fundacionpge.cl\/sitio\/wp-content\/uploads\/2022\/03\/2-300x300.png 300w, https:\/\/fundacionpge.cl\/sitio\/wp-content\/uploads\/2022\/03\/2-1024x1024.png 1024w, https:\/\/fundacionpge.cl\/sitio\/wp-content\/uploads\/2022\/03\/2-150x150.png 150w, https:\/\/fundacionpge.cl\/sitio\/wp-content\/uploads\/2022\/03\/2-768x768.png 768w, https:\/\/fundacionpge.cl\/sitio\/wp-content\/uploads\/2022\/03\/2-1536x1536.png 1536w, https:\/\/fundacionpge.cl\/sitio\/wp-content\/uploads\/2022\/03\/2-2048x2048.png 2048w, https:\/\/fundacionpge.cl\/sitio\/wp-content\/uploads\/2022\/03\/2-100x100.png 100w, https:\/\/fundacionpge.cl\/sitio\/wp-content\/uploads\/2022\/03\/2-230x230.png 230w, https:\/\/fundacionpge.cl\/sitio\/wp-content\/uploads\/2022\/03\/2.png 1080w\" sizes=\"(max-width: 300px) 100vw, 300px\" \/><\/p>\n<p><strong><br \/>\nHorarios Cuentacuentos y actividades:<\/strong><\/p>\n<ul>\n<li><span class=\"JsGRdQ\">S\u00e1bado 26:<br \/>\n<\/span>12:00, 13:00, 15:00 y 16:00 hrs.<\/li>\n<li>Domingo 27:<br \/>\n13:00 y 16:00 hrs\u00a1Nos vemos Novamig@s\ud83d\ude80!<\/li>\n<\/ul>\n<p><a class=\" xil3i\" tabindex=\"0\" href=\"https:\/\/www.instagram.com\/explore\/tags\/chilemiratucielo\/\">#ChileMiraTuCielo<\/a><\/p>\n<p>&nbsp;<\/p>\n<p>&nbsp;<\/p>\n","protected":false},"excerpt":{"rendered":"<p>\u00a1Nos vamos al Museo Interactivo Mirador &#8211; MIM\u00a0\u2728! Te esperamos este S\u00e1bado 26 y Domingo 27 para celebrar el #D\u00edaDeLaAstronom\u00eda \ud83c\udf0c con entretenidas actividades para nuestros Novamig@s \ud83e\udd8a \ud83d\udcd6 Lanzamiento de nuestro libro \u201cNova y el Eclipse\u201d con un entretenido cuentacuentos en Kamishibai \ud83c\udf15 Encuentro con nuestras susurradoras astron\u00f3micas \ud83d\uddfa Visita a la nueva sala Yo Exploro del MIM pensada especialmente para ni\u00f1os y ni\u00f1as de primera infancia. &nbsp; Horarios Cuentacuentos y actividades: S\u00e1bado 26: 12:00, 13:00, 15:00 y 16:00 hrs. Domingo 27: 13:00 y 16:00 hrs\u00a1Nos vemos Novamig@s\ud83d\ude80! #ChileMiraTuCielo &nbsp; &nbsp;<\/p>\n","protected":false},"author":3,"featured_media":0,"comment_status":"closed","ping_status":"closed","sticky":false,"template":"","format":"standard","meta":[],"categories":[1],"tags":[],"_links":{"self":[{"href":"https:\/\/fundacionpge.cl\/sitio\/wp-json\/wp\/v2\/posts\/5654"}],"collection":[{"href":"https:\/\/fundacionpge.cl\/sitio\/wp-json\/wp\/v2\/posts"}],"about":[{"href":"https:\/\/fundacionpge.cl\/sitio\/wp-json\/wp\/v2\/types\/post"}],"author":[{"embeddable":true,"href":"https:\/\/fundacionpge.cl\/sitio\/wp-json\/wp\/v2\/users\/3"}],"replies":[{"embeddable":true,"href":"https:\/\/fundacionpge.cl\/sitio\/wp-json\/wp\/v2\/comments?post=5654"}],"version-history":[{"count":7,"href":"https:\/\/fundacionpge.cl\/sitio\/wp-json\/wp\/v2\/posts\/5654\/revisions"}],"predecessor-version":[{"id":5663,"href":"https:\/\/fundacionpge.cl\/sitio\/wp-json\/wp\/v2\/posts\/5654\/revisions\/5663"}],"wp:attachment":[{"href":"https:\/\/fundacionpge.cl\/sitio\/wp-json\/wp\/v2\/media?parent=5654"}],"wp:term":[{"taxonomy":"category","embeddable":true,"href":"https:\/\/fundacionpge.cl\/sitio\/wp-json\/wp\/v2\/categories?post=5654"},{"taxonomy":"post_tag","embeddable":true,"href":"https:\/\/fundacionpge.cl\/sitio\/wp-json\/wp\/v2\/tags?post=5654"}],"curies":[{"name":"wp","href":"https:\/\/api.w.org\/{rel}","templated":true}]}}